{"id":1372,"date":"2022-07-15T15:26:20","date_gmt":"2022-07-15T19:26:20","guid":{"rendered":"https:\/\/visitavina.munivina.cl\/2022\/07\/15\/crea-y-juega-en-vacaciones-de-invierno\/"},"modified":"2023-12-12T10:28:07","modified_gmt":"2023-12-12T13:28:07","slug":"crea-y-juega-en-vacaciones-de-invierno","status":"publish","type":"post","link":"https:\/\/visitavina.munivina.cl\/br\/crea-y-juega-en-vacaciones-de-invierno\/","title":{"rendered":"Crie e brinque durante as f\u00e9rias de inverno"},"content":{"rendered":"<p style=\"text-align: justify;\">Um dia divertido com m\u00fasica, oficinas de arte e um show de circo \u00e9 o convite feito pela Prefeitura de Cuidados \u00e0s crian\u00e7as da comuna nestas f\u00e9rias de inverno de 2022.<\/p>\n<p style=\"text-align: justify;\">Esse programa acontece nos s\u00e1bados 23 e 30 de julho, bem como em 6 de agosto, em v\u00e1rios setores da cidade e apresenta uma apresenta\u00e7\u00e3o musical da Sociedade Coral Municipal, seguida das seguintes oficinas de arte para meninas e meninos:<\/p>\n<p style=\"text-align: justify;\"><strong>Oficina de gravura \"Gravura verde e territ\u00f3rio\".<\/strong>pelo professor Cristi\u00e1n Carrillo; <strong>Workshop sobre a cria\u00e7\u00e3o de criaturas fant\u00e1sticas<\/strong>pela professora Cecilia Caffarena; T<strong>de cer\u00e2mica \"Modelando meu ambiente\".<\/strong>O workshop foi ministrado por Mar\u00eda P\u00eda Maturana e o workshop de pintura \"Pintando mi entorno\" (Pintando meu ambiente), por Benjam\u00edn Donoso.<\/p>\n<p style=\"text-align: justify;\">Finalmente, o programa inclui a apresenta\u00e7\u00e3o de \"Peque\u00f1o Circo\", um show da Companhia Engranajes, que convida jovens e adultos a se maravilharem com as artes e disciplinas circenses, como malabarismo, acrobacias e muitas outras surpresas.<\/p>\n<p style=\"text-align: justify;\">As datas e os endere\u00e7os s\u00e3o os seguintes:<\/p>\n<p><strong>S\u00e1bado, 23 de julho<\/strong><br \/>\nCruz del Sur Club Court, Av. Vi\u00f1a del Mar, esquina El Mait\u00e9n, Miraflores Alto<br \/>\nA partir das 14h30min.<\/p>\n<p><strong>S\u00e1bado, 30 de julho<\/strong><br \/>\nPlaza Comunitaria, Los Pensamientos 855, Bosques de Santa Julia<br \/>\nA partir das 14h30min.<\/p>\n<p><strong>S\u00e1bado, 6 de agosto<\/strong><br \/>\nMuelle Vergara Esplanada<br \/>\nA partir das 12:00 horas<\/p>\n<p><strong>N\u00e3o perca essa oportunidade, estamos esperando por voc\u00ea!<\/strong><\/p>","protected":false},"excerpt":{"rendered":"<p>A una entretenida jornada con m\u00fasica, talleres de arte y un espect\u00e1culo circense es la invitaci\u00f3n que hace el Municipio de Cuidados a las ni\u00f1as y ni\u00f1os de la comuna en estas vacaciones de invierno 2022. Este programa se realiza los s\u00e1bados 23 y 30 de julio, adem\u00e1s del 6 de agosto, en diversos sectores [&hellip;]<\/p>\n","protected":false},"author":6,"featured_media":1373,"comment_status":"closed","ping_status":"closed","sticky":false,"template":"","format":"standard","meta":{"_acf_changed":false,"footnotes":""},"categories":[70],"tags":[74,75,78,94,95,96],"class_list":["post-1372","post","type-post","status-publish","format-standard","has-post-thumbnail","hentry","category-noticias","tag-culturas","tag-panoramas","tag-vina-del-mar","tag-vina-todo-el-ano","tag-vacaciones-de-invierno","tag-musica"],"acf":[],"_links":{"self":[{"href":"https:\/\/visitavina.munivina.cl\/br\/wp-json\/wp\/v2\/posts\/1372","targetHints":{"allow":["GET"]}}],"collection":[{"href":"https:\/\/visitavina.munivina.cl\/br\/wp-json\/wp\/v2\/posts"}],"about":[{"href":"https:\/\/visitavina.munivina.cl\/br\/wp-json\/wp\/v2\/types\/post"}],"author":[{"embeddable":true,"href":"https:\/\/visitavina.munivina.cl\/br\/wp-json\/wp\/v2\/users\/6"}],"replies":[{"embeddable":true,"href":"https:\/\/visitavina.munivina.cl\/br\/wp-json\/wp\/v2\/comments?post=1372"}],"version-history":[{"count":0,"href":"https:\/\/visitavina.munivina.cl\/br\/wp-json\/wp\/v2\/posts\/1372\/revisions"}],"wp:featuredmedia":[{"embeddable":true,"href":"https:\/\/visitavina.munivina.cl\/br\/wp-json\/wp\/v2\/media\/1373"}],"wp:attachment":[{"href":"https:\/\/visitavina.munivina.cl\/br\/wp-json\/wp\/v2\/media?parent=1372"}],"wp:term":[{"taxonomy":"category","embeddable":true,"href":"https:\/\/visitavina.munivina.cl\/br\/wp-json\/wp\/v2\/categories?post=1372"},{"taxonomy":"post_tag","embeddable":true,"href":"https:\/\/visitavina.munivina.cl\/br\/wp-json\/wp\/v2\/tags?post=1372"}],"curies":[{"name":"wp","href":"https:\/\/api.w.org\/{rel}","templated":true}]}}