{"id":1385,"date":"2022-08-01T16:39:48","date_gmt":"2022-08-01T20:39:48","guid":{"rendered":"https:\/\/visitavina.munivina.cl\/2022\/08\/01\/museo-palacio-vergara-exposiciones-permanentes\/"},"modified":"2023-12-12T10:17:23","modified_gmt":"2023-12-12T13:17:23","slug":"museo-palacio-vergara-exposiciones-permanentes","status":"publish","type":"post","link":"https:\/\/visitavina.munivina.cl\/br\/museo-palacio-vergara-exposiciones-permanentes\/","title":{"rendered":"Museu Palacio Vergara: Exposi\u00e7\u00f5es permanentes"},"content":{"rendered":"<p style=\"text-align: justify;\">Com uma das galerias de arte mais destacadas do pa\u00eds, o Museu Palacio Vergara oferece \u00e0 comunidade sua valiosa cole\u00e7\u00e3o de arte, composta por cole\u00e7\u00f5es de diversas obras e estilos, algumas das quais pertenceram \u00e0 fam\u00edlia Vergara, os propriet\u00e1rios originais do edif\u00edcio.<\/p>\n<p style=\"text-align: justify;\">Essa cole\u00e7\u00e3o est\u00e1 dividida em:<\/p>\n<p style=\"text-align: justify;\"><strong>SALA DO CAP\u00cdTULO<\/strong><br \/>\nEle abriga a cole\u00e7\u00e3o de artistas europeus que faziam parte da cole\u00e7\u00e3o das fam\u00edlias Err\u00e1zuriz. A exposi\u00e7\u00e3o cont\u00e9m pinturas com temas religiosos criadas entre os s\u00e9culos XV e XIX.<\/p>\n<p style=\"text-align: justify;\"><strong>GRANDES MESTRES<\/strong><br \/>\nEssa cole\u00e7\u00e3o \u00e9 composta pela cole\u00e7\u00e3o de pinturas chilenas do museu. Ela inclui retratos, paisagens e naturezas-mortas de Alfredo Valenzuela Puelma, Alberto Valenzuela Llanos e Pedro Lira, e do disc\u00edpulo deste \u00faltimo, Benito Rebolledo Correa.<\/p>\n<p style=\"text-align: justify;\"><strong>PAISAGENS CHILENAS<\/strong><br \/>\nNessa se\u00e7\u00e3o do museu, \u00e9 poss\u00edvel ver pinturas de v\u00e1rias paisagens nacionais, incluindo as interessantes vistas de Vi\u00f1a del Mar pintadas por Thomas Somerscales em seus primeiros anos de urbaniza\u00e7\u00e3o.<\/p>\n<p style=\"text-align: justify;\">Para aproximar essas cole\u00e7\u00f5es dos visitantes, o Departamento de Media\u00e7\u00e3o do museu organiza oficinas, visitas guiadas e visitas educativas (para estudantes).<\/p>\n<p style=\"text-align: justify;\">Informa\u00e7\u00f5es: mediacion.museovergara@gmail.com<\/p>\n<p style=\"text-align: justify;\"><strong>Museu Palacio Vergara, Err\u00e1zuriz N\u00ba 596 <\/strong><br \/>\n<strong>Ter\u00e7a-feira a domingo, das 10h30 \u00e0s 13h e das 15h30 \u00e0s 17h<\/strong><br \/>\n<strong>Entrada gratuita com o Mobility Pass<\/strong><\/p>\n<p style=\"text-align: justify;\">","protected":false},"excerpt":{"rendered":"<p>Poseedor de una de las m\u00e1s destacadas pinacotecas del pa\u00eds, el Museo Palacio Vergara ofrece a la comunidad su valiosa pinacoteca compuesta por colecciones de diversas obras y estilos, algunas de las cuales pertenecieron a la familia Vergara, propietaria original del inmueble. Esta colecci\u00f3n est\u00e1 dividida en: SALA CAPITULAR Alberga la colecci\u00f3n de artistas europeos [&hellip;]<\/p>\n","protected":false},"author":6,"featured_media":1386,"comment_status":"closed","ping_status":"closed","sticky":false,"template":"","format":"standard","meta":{"_acf_changed":false,"footnotes":""},"categories":[70],"tags":[77,78,80,94,74,75],"class_list":["post-1385","post","type-post","status-publish","format-standard","has-post-thumbnail","hentry","category-noticias","tag-turismo","tag-vina-del-mar","tag-museo-palacio-vergara","tag-vina-todo-el-ano","tag-culturas","tag-panoramas"],"acf":[],"_links":{"self":[{"href":"https:\/\/visitavina.munivina.cl\/br\/wp-json\/wp\/v2\/posts\/1385","targetHints":{"allow":["GET"]}}],"collection":[{"href":"https:\/\/visitavina.munivina.cl\/br\/wp-json\/wp\/v2\/posts"}],"about":[{"href":"https:\/\/visitavina.munivina.cl\/br\/wp-json\/wp\/v2\/types\/post"}],"author":[{"embeddable":true,"href":"https:\/\/visitavina.munivina.cl\/br\/wp-json\/wp\/v2\/users\/6"}],"replies":[{"embeddable":true,"href":"https:\/\/visitavina.munivina.cl\/br\/wp-json\/wp\/v2\/comments?post=1385"}],"version-history":[{"count":0,"href":"https:\/\/visitavina.munivina.cl\/br\/wp-json\/wp\/v2\/posts\/1385\/revisions"}],"wp:featuredmedia":[{"embeddable":true,"href":"https:\/\/visitavina.munivina.cl\/br\/wp-json\/wp\/v2\/media\/1386"}],"wp:attachment":[{"href":"https:\/\/visitavina.munivina.cl\/br\/wp-json\/wp\/v2\/media?parent=1385"}],"wp:term":[{"taxonomy":"category","embeddable":true,"href":"https:\/\/visitavina.munivina.cl\/br\/wp-json\/wp\/v2\/categories?post=1385"},{"taxonomy":"post_tag","embeddable":true,"href":"https:\/\/visitavina.munivina.cl\/br\/wp-json\/wp\/v2\/tags?post=1385"}],"curies":[{"name":"wp","href":"https:\/\/api.w.org\/{rel}","templated":true}]}}