{"id":16523,"date":"2024-01-25T13:42:38","date_gmt":"2024-01-25T16:42:38","guid":{"rendered":"https:\/\/visitavina.munivina.cl\/?p=16523"},"modified":"2024-04-01T16:53:03","modified_gmt":"2024-04-01T19:53:03","slug":"intervenciones-artisticas-verano-2024-no-te-pierdas-de-ningun-panorama-y-sumate-a-la-entretencion","status":"publish","type":"post","link":"https:\/\/visitavina.munivina.cl\/br\/intervenciones-artisticas-verano-2024-no-te-pierdas-de-ningun-panorama-y-sumate-a-la-entretencion\/","title":{"rendered":"Interven\u00e7\u00f5es Art\u00edsticas Ver\u00e3o 2024 | N\u00e3o perca nenhum dos eventos e participe da divers\u00e3o!"},"content":{"rendered":"<p><strong>Convidamos a comunidade e os visitantes a aproveitarem o ver\u00e3o de 2024 com alegria!<\/strong> Conhe\u00e7a a programa\u00e7\u00e3o de entretenimento com diversas express\u00f5es art\u00edsticas que ser\u00e3o realizadas em diferentes pontos da orla litor\u00e2nea de nossa cidade durante esta temporada de ver\u00e3o.<\/p>\n<p>&nbsp;<\/p>\n<p><strong>\"The Beatles Five\", 55 anos dos Beatles<\/strong><br \/>\nQuando: Ter\u00e7a-feira, 30 de janeiro - 12:00 hrs.<br \/>\nOnde: 5\u00b0 Setor de Re\u00f1aca<\/p>\n<p><strong>Escola de M\u00fasica Moderna<\/strong><br \/>\nQuando: Sexta-feira, 2 de fevereiro - 16:30 h.<br \/>\nOnde: Muelle Vergara<\/p>\n<p><strong>Ciscu Margaret\u00a0<\/strong><br \/>\nQuando: Sexta-feira, 9 de fevereiro - 19h00.<br \/>\nOnde: 3\u00ba Setor de Re\u00f1aca<br \/>\n<em>Esse evento contar\u00e1 com um int\u00e9rprete de linguagem de sinais**.<\/em><\/p>\n<p><strong>Concerto da Banda da Marinha do Chile no Dia dos Namorados<\/strong><br \/>\nQuando: Quarta-feira, 14 de fevereiro - 18:00 hrs.<br \/>\nOnde: Anfiteatro da Playa del Deporte<\/p>\n<p><strong>Concurso \"Castelos na Praia<\/strong><br \/>\nQuando: S\u00e1bado, 24 de fevereiro - 09:30 hrs.<br \/>\nOnde: 4\u00ba Setor de Re\u00f1aca<\/p>\n<p>&nbsp;<\/p>\n<p><strong>A cultura ganha vida em todos os cantos de nossa bela cidade!<\/strong><\/p>\n<p>&nbsp;<\/p>","protected":false},"excerpt":{"rendered":"<p>\u00a1Invitamos a la comunidad y visitantes a disfrutar con alegr\u00eda este verano 2024! Conoce el entretenido programa con diversas expresiones art\u00edsticas a realizarse en distintos puntos del borde costero de nuestra ciudad durante esta temporada estival. &nbsp; &#8220;The Beatles Five&#8221;, 55 a\u00f1os de Los Beatles \u00bfCu\u00e1ndo?: Martes 30 de enero &#8211; 12:00 hrs. \u00bfD\u00f3nde?: 5\u00b0 [&hellip;]<\/p>\n","protected":false},"author":13,"featured_media":16524,"comment_status":"closed","ping_status":"closed","sticky":false,"template":"","format":"standard","meta":{"_acf_changed":false,"footnotes":""},"categories":[71,70],"tags":[],"class_list":["post-16523","post","type-post","status-publish","format-standard","has-post-thumbnail","hentry","category-portada","category-noticias"],"acf":[],"_links":{"self":[{"href":"https:\/\/visitavina.munivina.cl\/br\/wp-json\/wp\/v2\/posts\/16523","targetHints":{"allow":["GET"]}}],"collection":[{"href":"https:\/\/visitavina.munivina.cl\/br\/wp-json\/wp\/v2\/posts"}],"about":[{"href":"https:\/\/visitavina.munivina.cl\/br\/wp-json\/wp\/v2\/types\/post"}],"author":[{"embeddable":true,"href":"https:\/\/visitavina.munivina.cl\/br\/wp-json\/wp\/v2\/users\/13"}],"replies":[{"embeddable":true,"href":"https:\/\/visitavina.munivina.cl\/br\/wp-json\/wp\/v2\/comments?post=16523"}],"version-history":[{"count":0,"href":"https:\/\/visitavina.munivina.cl\/br\/wp-json\/wp\/v2\/posts\/16523\/revisions"}],"wp:featuredmedia":[{"embeddable":true,"href":"https:\/\/visitavina.munivina.cl\/br\/wp-json\/wp\/v2\/media\/16524"}],"wp:attachment":[{"href":"https:\/\/visitavina.munivina.cl\/br\/wp-json\/wp\/v2\/media?parent=16523"}],"wp:term":[{"taxonomy":"category","embeddable":true,"href":"https:\/\/visitavina.munivina.cl\/br\/wp-json\/wp\/v2\/categories?post=16523"},{"taxonomy":"post_tag","embeddable":true,"href":"https:\/\/visitavina.munivina.cl\/br\/wp-json\/wp\/v2\/tags?post=16523"}],"curies":[{"name":"wp","href":"https:\/\/api.w.org\/{rel}","templated":true}]}}