{"id":21457,"date":"2025-06-02T14:10:00","date_gmt":"2025-06-02T18:10:00","guid":{"rendered":"https:\/\/visitavina.munivina.cl\/?p=21457"},"modified":"2025-08-06T13:10:00","modified_gmt":"2025-08-06T17:10:00","slug":"panoramas-culturales-en-vina-del-mar-imperdibles-de-junio-con-entrada-gratuita","status":"publish","type":"post","link":"https:\/\/visitavina.munivina.cl\/br\/panoramas-culturales-en-vina-del-mar-imperdibles-de-junio-con-entrada-gratuita\/","title":{"rendered":"Panoramas culturales en Vi\u00f1a del Mar: imperdibles de junio con entrada gratuita"},"content":{"rendered":"<p>\u00bfBuscas actividades gratuitas en Vi\u00f1a del Mar este mes? \u00a1Est\u00e1s en el lugar correcto! Junio llega cargado de cultura, arte y entretenci\u00f3n para todas las edades. Desde exposiciones y conciertos hasta cine y talleres, la Ciudad Jard\u00edn ofrece una<a href=\"https:\/\/visitavina.munivina.cl\/wp-content\/uploads\/2025\/05\/06.JUNIO_.Cartelera-Culturas_SOLA-copia-1.pdf\"> cartelera cultural <\/a>imperdible y accesible para toda la comunidad.<\/p>\n\n\n\n<p><strong>Exposiciones destacadas en Vi\u00f1a del Mar<\/strong><\/p>\n\n\n\n<p>Disfruta de las mejores exposiciones temporales y permanentes en el Museo Palacio Vergara y el Museo Palacio Rioja. Algunas imperdibles:<\/p>\n\n\n\n<p>\u201cDel Trazo al Objeto\u201d de Roberto Matta<\/p>\n\n\n\n<p>\u201cLenguaje del Agua y Una Mirada al Maule\u201d de Ismael Allendes<\/p>\n\n\n\n<p>\u201cValpara\u00edso en la Intimidad\u201d de Marcelo Kohn<\/p>\n\n\n\n<p>\u201cAguja que sigue la arruga\u201d de Sarita Sep\u00falveda<\/p>\n\n\n\n<p>Entrada liberada. Abiertos de martes a domingo.<\/p>\n\n\n\n<p><strong>Cine gratuito en la Sala Aldo Francia<\/strong><\/p>\n\n\n\n<p>Sum\u00e9rgete en los ciclos de Cine Chino y Cine de Autor, con funciones todos los martes y mi\u00e9rcoles a las 16:00 horas. Pel\u00edculas como La Casa de las Dagas Voladoras, El Soldado Americano y Lily Marleen te esperan este mes.<\/p>\n\n\n\n<p><strong>Teatro y m\u00fasica<\/strong><\/p>\n\n\n\n<p>Homenajes a \u00c9dith Piaf y Aznavour marcan la programaci\u00f3n invernal del Teatro Municipal de Vi\u00f1a del Mar.&nbsp; Revisa la cartelera del Teatro Municipal en el Instagram oficial, inscribiendote a las actividades gratuitas en <a href=\"http:\/\/linktr.ee\/TEATROMUNIVINA\" rel=\"nofollow noopener\" target=\"_blank\">LINKTR.EE\/TEATROMUNIVINA<\/a><\/p>\n\n\n\n<p><strong>Talleres y actividades para ni\u00f1os y ni\u00f1as<\/strong><\/p>\n\n\n\n<p>Los museos de Vi\u00f1a del Mar invitan a talleres de arteterapia, bordado experimental, patrimonio gr\u00e1fico y literatura para infancias, adem\u00e1s de entretenidas jornadas como \u201cJuguemos en el Palacio\u201d.<br>Para conocer horarios, direcciones y formas de inscripci\u00f3n, visita<a href=\"http:\/\/www.visitavina.cl\" rel=\"nofollow noopener\" target=\"_blank\"> www.visitavina.cl<\/a> y sigue las cuentas oficiales en Instagram: <a href=\"https:\/\/www.instagram.com\/visitavina\/\" rel=\"nofollow noopener\" target=\"_blank\">@visitavina<\/a><a href=\"https:\/\/www.instagram.com\/culturasvina\/\" rel=\"nofollow noopener\" target=\"_blank\">    @culturasvina<\/a><a href=\"https:\/\/instagram.com\/museopalaciorioja\" rel=\"nofollow noopener\" target=\"_blank\">   &nbsp;@museopalaciorioja<\/a><a href=\"https:\/\/www.instagram.com\/museopalaciovergara\/\" rel=\"nofollow noopener\" target=\"_blank\">    @museopalaciovergara<\/a><\/p>\n\n\n\n<p><\/p>","protected":false},"excerpt":{"rendered":"<p>\u00bfBuscas actividades gratuitas en Vi\u00f1a del Mar este mes? \u00a1Est\u00e1s en el lugar correcto! Junio llega cargado de cultura, arte y entretenci\u00f3n para todas las edades. Desde exposiciones y conciertos hasta cine y talleres, la Ciudad Jard\u00edn ofrece una cartelera cultural imperdible y accesible para toda la comunidad. Exposiciones destacadas en Vi\u00f1a del Mar Disfruta [&hellip;]<\/p>\n","protected":false},"author":13,"featured_media":21459,"comment_status":"closed","ping_status":"closed","sticky":false,"template":"","format":"standard","meta":{"_acf_changed":false,"footnotes":""},"categories":[70],"tags":[],"class_list":["post-21457","post","type-post","status-publish","format-standard","has-post-thumbnail","hentry","category-noticias"],"acf":[],"_links":{"self":[{"href":"https:\/\/visitavina.munivina.cl\/br\/wp-json\/wp\/v2\/posts\/21457","targetHints":{"allow":["GET"]}}],"collection":[{"href":"https:\/\/visitavina.munivina.cl\/br\/wp-json\/wp\/v2\/posts"}],"about":[{"href":"https:\/\/visitavina.munivina.cl\/br\/wp-json\/wp\/v2\/types\/post"}],"author":[{"embeddable":true,"href":"https:\/\/visitavina.munivina.cl\/br\/wp-json\/wp\/v2\/users\/13"}],"replies":[{"embeddable":true,"href":"https:\/\/visitavina.munivina.cl\/br\/wp-json\/wp\/v2\/comments?post=21457"}],"version-history":[{"count":3,"href":"https:\/\/visitavina.munivina.cl\/br\/wp-json\/wp\/v2\/posts\/21457\/revisions"}],"predecessor-version":[{"id":21987,"href":"https:\/\/visitavina.munivina.cl\/br\/wp-json\/wp\/v2\/posts\/21457\/revisions\/21987"}],"wp:featuredmedia":[{"embeddable":true,"href":"https:\/\/visitavina.munivina.cl\/br\/wp-json\/wp\/v2\/media\/21459"}],"wp:attachment":[{"href":"https:\/\/visitavina.munivina.cl\/br\/wp-json\/wp\/v2\/media?parent=21457"}],"wp:term":[{"taxonomy":"category","embeddable":true,"href":"https:\/\/visitavina.munivina.cl\/br\/wp-json\/wp\/v2\/categories?post=21457"},{"taxonomy":"post_tag","embeddable":true,"href":"https:\/\/visitavina.munivina.cl\/br\/wp-json\/wp\/v2\/tags?post=21457"}],"curies":[{"name":"wp","href":"https:\/\/api.w.org\/{rel}","templated":true}]}}