{"id":21705,"date":"2025-07-04T12:26:45","date_gmt":"2025-07-04T16:26:45","guid":{"rendered":"https:\/\/visitavina.munivina.cl\/?p=21705"},"modified":"2025-08-06T13:09:40","modified_gmt":"2025-08-06T17:09:40","slug":"panoramas-culturales-en-vina-del-mar-imprescindibles-de-julio","status":"publish","type":"post","link":"https:\/\/visitavina.munivina.cl\/br\/panoramas-culturales-en-vina-del-mar-imprescindibles-de-julio\/","title":{"rendered":"Panoramas culturales en Vi\u00f1a del Mar: \u00a1Imprescindibles de Julio!"},"content":{"rendered":"<p>\u00bfQuieres disfrutar de actividades culturales este julio en Vi\u00f1a del Mar? \u00a1Est\u00e1s en el lugar indicado! La Ciudad se llena de arte, m\u00fasica y diversi\u00f3n para todas las edades durante este mes invernal. Prep\u00e1rate para vivir exposiciones \u00fanicas, cine de autor, teatro, m\u00fasica en vivo y talleres para toda la familia, la gran mayor\u00eda con entrada liberada.<\/p>\n\n\n\n<p><strong>Exposiciones destacadas en Vi\u00f1a del Mar<\/strong><\/p>\n\n\n\n<p>Visita el Museo Palacio Vergara y el Museo Palacio Rioja para descubrir las muestras temporales y permanentes m\u00e1s fascinantes:<\/p>\n\n\n\n<ul class=\"wp-block-list\">\n<li><strong>\u201cDel Trazo al Objeto\u201d de Roberto Matta<\/strong><\/li>\n\n\n\n<li><strong>\u201cLenguaje del Agua y Una Mirada al Maule\u201d de Ismael Allendes<\/strong><\/li>\n\n\n\n<li><strong>\u201cValpara\u00edso en la Intimidad\u201d de Marcelo Kohn<\/strong><\/li>\n\n\n\n<li><strong>\u201cAguja que sigue la arruga\u201d de Sarita Sep\u00falveda<\/strong><\/li>\n<\/ul>\n\n\n\n<p>Ambos museos est\u00e1n abiertos de martes a domingo con entrada gratuita para que disfrutes del arte en un entorno incomparable.<\/p>\n\n\n\n<p><strong>Cine gratuito en la Sala Aldo Francia<\/strong><\/p>\n\n\n\n<p>Revive las mejores joyas del cine en los diferentes ciclos y Cine de Autor, con funciones todos los martes y mi\u00e9rcoles a las 16:00 hrs. Este mes no te pierdas t\u00edtulos como El Ladr\u00f3n de Bicicletas y Los 400 Golpes.<\/p>\n\n\n\n<p><strong>Teatro y m\u00fasica para todos<\/strong><\/p>\n\n\n\n<p>El Teatro Municipal de Vi\u00f1a del Mar presenta  funciones que te har\u00e1n vibrar este invierno. Consulta la cartelera y reserva tu lugar gratis en el Instagram oficial o inscr\u00edbete en <a>LINKTR.EE\/TEATROMUNIVINA<\/a>.<\/p>\n\n\n\n<p><strong>Talleres y actividades para ni\u00f1os y ni\u00f1as<\/strong><\/p>\n\n\n\n<p>Los museos invitan a los m\u00e1s peque\u00f1os a disfrutar de talleres de arteterapia, bordado experimental, patrimonio gr\u00e1fico y literatura para la infancia. Una oportunidad perfecta para que los ni\u00f1os exploren, aprendan y se diviertan.<\/p>\n\n\n\n<p>Para m\u00e1s informaci\u00f3n sobre horarios, direcciones y formas de inscripci\u00f3n, en nuestra<a href=\"https:\/\/visitavina.munivina.cl\/wp-content\/uploads\/2025\/07\/07.JULIO_.Cartelera-Culturas-1.pdf\" data-type=\"link\" data-id=\"https:\/\/visitavina.munivina.cl\/wp-content\/uploads\/2025\/07\/07.JULIO_.Cartelera-Culturas-1.pdf\"> cartelera de actividades <\/a>o  visita <a class=\"\" href=\"http:\/\/www.visitavina.cl\" rel=\"nofollow noopener\" target=\"_blank\">www.visitavina.cl<\/a> y sigue las cuentas oficiales en Instagram: @visitavina | @culturasvina | @museopalaciorioja | @museopalaciovergara<\/p>\n\n\n\n<p>\u00a1No te pierdas este invierno la cultura gratuita que Vi\u00f1a del Mar tiene para ti!<\/p>","protected":false},"excerpt":{"rendered":"<p>\u00bfQuieres disfrutar de actividades culturales este julio en Vi\u00f1a del Mar? \u00a1Est\u00e1s en el lugar indicado! La Ciudad se llena de arte, m\u00fasica y diversi\u00f3n para todas las edades durante este mes invernal. Prep\u00e1rate para vivir exposiciones \u00fanicas, cine de autor, teatro, m\u00fasica en vivo y talleres para toda la familia, la gran mayor\u00eda con [&hellip;]<\/p>\n","protected":false},"author":13,"featured_media":21703,"comment_status":"closed","ping_status":"closed","sticky":false,"template":"","format":"standard","meta":{"_acf_changed":false,"footnotes":""},"categories":[70],"tags":[],"class_list":["post-21705","post","type-post","status-publish","format-standard","has-post-thumbnail","hentry","category-noticias"],"acf":[],"_links":{"self":[{"href":"https:\/\/visitavina.munivina.cl\/br\/wp-json\/wp\/v2\/posts\/21705","targetHints":{"allow":["GET"]}}],"collection":[{"href":"https:\/\/visitavina.munivina.cl\/br\/wp-json\/wp\/v2\/posts"}],"about":[{"href":"https:\/\/visitavina.munivina.cl\/br\/wp-json\/wp\/v2\/types\/post"}],"author":[{"embeddable":true,"href":"https:\/\/visitavina.munivina.cl\/br\/wp-json\/wp\/v2\/users\/13"}],"replies":[{"embeddable":true,"href":"https:\/\/visitavina.munivina.cl\/br\/wp-json\/wp\/v2\/comments?post=21705"}],"version-history":[{"count":4,"href":"https:\/\/visitavina.munivina.cl\/br\/wp-json\/wp\/v2\/posts\/21705\/revisions"}],"predecessor-version":[{"id":21986,"href":"https:\/\/visitavina.munivina.cl\/br\/wp-json\/wp\/v2\/posts\/21705\/revisions\/21986"}],"wp:featuredmedia":[{"embeddable":true,"href":"https:\/\/visitavina.munivina.cl\/br\/wp-json\/wp\/v2\/media\/21703"}],"wp:attachment":[{"href":"https:\/\/visitavina.munivina.cl\/br\/wp-json\/wp\/v2\/media?parent=21705"}],"wp:term":[{"taxonomy":"category","embeddable":true,"href":"https:\/\/visitavina.munivina.cl\/br\/wp-json\/wp\/v2\/categories?post=21705"},{"taxonomy":"post_tag","embeddable":true,"href":"https:\/\/visitavina.munivina.cl\/br\/wp-json\/wp\/v2\/tags?post=21705"}],"curies":[{"name":"wp","href":"https:\/\/api.w.org\/{rel}","templated":true}]}}