{"id":1405,"date":"2022-08-24T20:36:49","date_gmt":"2022-08-25T00:36:49","guid":{"rendered":"https:\/\/visitavina.munivina.cl\/2022\/08\/24\/vina-todo-el-ano-conoce-la-sala-capitular-del-museo-palacio-vergara\/"},"modified":"2023-12-12T10:22:47","modified_gmt":"2023-12-12T13:22:47","slug":"vina-todo-el-ano-conoce-la-sala-capitular-del-museo-palacio-vergara","status":"publish","type":"post","link":"https:\/\/visitavina.munivina.cl\/en\/vina-todo-el-ano-conoce-la-sala-capitular-del-museo-palacio-vergara\/","title":{"rendered":"Vi\u00f1a all year round: Visit the Chapter House of the Palacio Vergara Museum"},"content":{"rendered":"<p style=\"text-align: justify;\">Dentro de la oferta cultural del Museo Palacio Vergara, destacamos la <strong>Sala Capitular<\/strong>, espacio que alberga una de las colecciones permanentes del recinto, la que destaca por su altura y su cielo vidriado que proporciona luz natural para apreciar pinturas de gran formato, as\u00ed como imponentes cuadros del renacimiento, del barroco italiano y franc\u00e9s y de la escuela francesa del siglo XIX.<\/p>\n<p style=\"text-align: justify;\">La mayor\u00eda de las obras corresponde a temas religiosos, como los martirios de Santa Paulina (1880) y San Andr\u00e9s (1637), de los pintores Gabriel Guay y Luca Saltarelli, respectivamente; a excepci\u00f3n de \u201cLucrecia y Tarquino\u201d (1627), del pintor italiano Guido Reni, pintura que muestra el momento exacto en que ella intenta suicidarse por la afrenta sufrida por el hijo del monarca Tarquino el Soberbio.<\/p>\n<p style=\"text-align: justify;\">Desde el punto de vista hist\u00f3rico, cabe mencionar que esta habitaci\u00f3n originalmente correspondi\u00f3 a la biblioteca y galer\u00eda o pinacoteca de la casona Vergara. En cuanto a las obras presentes, la mayor\u00eda perteneci\u00f3 a Blanca Vergara \u00c1lvarez, due\u00f1a del inmueble, y fueron adquiridas por su suegro, Maximiano Err\u00e1zuriz, en sus numerosos viajes a Europa. Con la compra de la residencia por parte del municipio en 1941, muchas de estas pinturas ingresaron a la colecci\u00f3n del museo.<\/p>\n<p style=\"text-align: justify;\">Visita la Sala Capitular del Museo Palacio Vergara y participa en sus visitas guiadas para conocer este espacio cultural.<\/p>\n<p style=\"text-align: justify;\"><strong>Palace Museum Vergara Err\u00e1zuriz No. 596<\/strong><br \/>\n<strong>Tuesday to Sunday, from 10:30 a.m. to 1:00 p.m. and from 3:30 p.m. to 5:00 p.m.<\/strong><br \/>\n<strong>Free admission with Mobility Pass<\/strong><\/p>","protected":false},"excerpt":{"rendered":"<p>Dentro de la oferta cultural del Museo Palacio Vergara, destacamos la Sala Capitular, espacio que alberga una de las colecciones permanentes del recinto, la que destaca por su altura y su cielo vidriado que proporciona luz natural para apreciar pinturas de gran formato, as\u00ed como imponentes cuadros del renacimiento, del barroco italiano y franc\u00e9s y [&hellip;]<\/p>\n","protected":false},"author":6,"featured_media":1406,"comment_status":"closed","ping_status":"closed","sticky":false,"template":"","format":"standard","meta":{"_acf_changed":false,"footnotes":""},"categories":[70],"tags":[88,94,74,75,77,78,80],"class_list":["post-1405","post","type-post","status-publish","format-standard","has-post-thumbnail","hentry","category-noticias","tag-arte","tag-vina-todo-el-ano","tag-culturas","tag-panoramas","tag-turismo","tag-vina-del-mar","tag-museo-palacio-vergara"],"acf":[],"_links":{"self":[{"href":"https:\/\/visitavina.munivina.cl\/en\/wp-json\/wp\/v2\/posts\/1405","targetHints":{"allow":["GET"]}}],"collection":[{"href":"https:\/\/visitavina.munivina.cl\/en\/wp-json\/wp\/v2\/posts"}],"about":[{"href":"https:\/\/visitavina.munivina.cl\/en\/wp-json\/wp\/v2\/types\/post"}],"author":[{"embeddable":true,"href":"https:\/\/visitavina.munivina.cl\/en\/wp-json\/wp\/v2\/users\/6"}],"replies":[{"embeddable":true,"href":"https:\/\/visitavina.munivina.cl\/en\/wp-json\/wp\/v2\/comments?post=1405"}],"version-history":[{"count":0,"href":"https:\/\/visitavina.munivina.cl\/en\/wp-json\/wp\/v2\/posts\/1405\/revisions"}],"wp:featuredmedia":[{"embeddable":true,"href":"https:\/\/visitavina.munivina.cl\/en\/wp-json\/wp\/v2\/media\/1406"}],"wp:attachment":[{"href":"https:\/\/visitavina.munivina.cl\/en\/wp-json\/wp\/v2\/media?parent=1405"}],"wp:term":[{"taxonomy":"category","embeddable":true,"href":"https:\/\/visitavina.munivina.cl\/en\/wp-json\/wp\/v2\/categories?post=1405"},{"taxonomy":"post_tag","embeddable":true,"href":"https:\/\/visitavina.munivina.cl\/en\/wp-json\/wp\/v2\/tags?post=1405"}],"curies":[{"name":"wp","href":"https:\/\/api.w.org\/{rel}","templated":true}]}}