{"id":1472,"date":"2023-01-09T15:01:09","date_gmt":"2023-01-09T18:01:09","guid":{"rendered":"https:\/\/visitavina.munivina.cl\/2023\/01\/09\/verano-2023-mas-de-100-stands-conforman-la-63o-feria-internacional-de-artesania\/"},"modified":"2023-01-09T15:01:09","modified_gmt":"2023-01-09T18:01:09","slug":"verano-2023-mas-de-100-stands-conforman-la-63o-feria-internacional-de-artesania","status":"publish","type":"post","link":"https:\/\/visitavina.munivina.cl\/en\/verano-2023-mas-de-100-stands-conforman-la-63o-feria-internacional-de-artesania\/","title":{"rendered":"Summer 2023: More than 100 stands make up the 63rd International Crafts Fair"},"content":{"rendered":"<p>Artesanas y artesanos de Chile, Cuba, Ecuador, Argentina, Paraguay, Bolivia e India dan vida a una nueva versi\u00f3n de la <strong>Feria Internacional de Artesan\u00eda de Vi\u00f1a del Mar<\/strong>, tradicional muestra que marca los veranos de la ciudad desde 1960.<\/p>\n<p><strong>Where?<\/strong><br \/>\nParque Potrerillos, acceso por calle Alcalde Prieto Nieto N\u00ba 500 y puerta Quinta Vergara<\/p>\n<p><strong>When?<\/strong><br \/>\nTodos los d\u00edas, hasta el domingo 5 de febrero<\/p>\n<p><strong>What time?<\/strong><br \/>\nDe 10:00 a 21:00 horas<\/p>\n<p><strong>Entrance:<\/strong><br \/>\nLiberada<\/p>\n<p><em><strong>I hope!<\/strong><\/em><\/p>","protected":false},"excerpt":{"rendered":"<p>Visit the 63rd International Crafts Fair of Vi\u00f1a del Mar with your family until February 5. Free admission.<\/p>","protected":false},"author":6,"featured_media":1473,"comment_status":"closed","ping_status":"closed","sticky":false,"template":"","format":"standard","meta":{"_acf_changed":false,"footnotes":""},"categories":[70],"tags":[75,77,78,85,87,94,101,106,107,108],"class_list":["post-1472","post","type-post","status-publish","format-standard","has-post-thumbnail","hentry","category-noticias","tag-panoramas","tag-turismo","tag-vina-del-mar","tag-ferias","tag-parque-quinta-vergara","tag-vina-todo-el-ano","tag-eventos","tag-vacaciones","tag-vacaciones-de-verano","tag-verano"],"acf":[],"_links":{"self":[{"href":"https:\/\/visitavina.munivina.cl\/en\/wp-json\/wp\/v2\/posts\/1472","targetHints":{"allow":["GET"]}}],"collection":[{"href":"https:\/\/visitavina.munivina.cl\/en\/wp-json\/wp\/v2\/posts"}],"about":[{"href":"https:\/\/visitavina.munivina.cl\/en\/wp-json\/wp\/v2\/types\/post"}],"author":[{"embeddable":true,"href":"https:\/\/visitavina.munivina.cl\/en\/wp-json\/wp\/v2\/users\/6"}],"replies":[{"embeddable":true,"href":"https:\/\/visitavina.munivina.cl\/en\/wp-json\/wp\/v2\/comments?post=1472"}],"version-history":[{"count":0,"href":"https:\/\/visitavina.munivina.cl\/en\/wp-json\/wp\/v2\/posts\/1472\/revisions"}],"wp:featuredmedia":[{"embeddable":true,"href":"https:\/\/visitavina.munivina.cl\/en\/wp-json\/wp\/v2\/media\/1473"}],"wp:attachment":[{"href":"https:\/\/visitavina.munivina.cl\/en\/wp-json\/wp\/v2\/media?parent=1472"}],"wp:term":[{"taxonomy":"category","embeddable":true,"href":"https:\/\/visitavina.munivina.cl\/en\/wp-json\/wp\/v2\/categories?post=1472"},{"taxonomy":"post_tag","embeddable":true,"href":"https:\/\/visitavina.munivina.cl\/en\/wp-json\/wp\/v2\/tags?post=1472"}],"curies":[{"name":"wp","href":"https:\/\/api.w.org\/{rel}","templated":true}]}}