{"id":16523,"date":"2024-01-25T13:42:38","date_gmt":"2024-01-25T16:42:38","guid":{"rendered":"https:\/\/visitavina.munivina.cl\/?p=16523"},"modified":"2024-04-01T16:53:03","modified_gmt":"2024-04-01T19:53:03","slug":"intervenciones-artisticas-verano-2024-no-te-pierdas-de-ningun-panorama-y-sumate-a-la-entretencion","status":"publish","type":"post","link":"https:\/\/visitavina.munivina.cl\/en\/intervenciones-artisticas-verano-2024-no-te-pierdas-de-ningun-panorama-y-sumate-a-la-entretencion\/","title":{"rendered":"Artistic Interventions Summer 2024 | Don't miss out on any panorama and join the fun!"},"content":{"rendered":"<p><strong>\u00a1Invitamos a la comunidad y visitantes a disfrutar con alegr\u00eda este verano 2024!<\/strong> Conoce el entretenido programa con diversas expresiones art\u00edsticas a realizarse en distintos puntos del borde costero de nuestra ciudad durante esta temporada estival.<\/p>\n<p>&nbsp;<\/p>\n<p><strong>&#8220;The Beatles Five&#8221;, 55 a\u00f1os de Los Beatles<\/strong><br \/>\n\u00bfCu\u00e1ndo?: Martes 30 de enero &#8211; 12:00 hrs.<br \/>\n\u00bfD\u00f3nde?: 5\u00b0 Sector de Re\u00f1aca<\/p>\n<p><strong>Escuela Moderna de M\u00fasica<\/strong><br \/>\n\u00bfCu\u00e1ndo?: Viernes 2 de febrero &#8211; 16:30 hrs.<br \/>\n\u00bfD\u00f3nde?: Muelle Vergara<\/p>\n<p><strong>Ciscu Margaret\u00a0<\/strong><br \/>\n\u00bfCu\u00e1ndo?: Viernes 9 de febrero &#8211; 19.00 hrs.<br \/>\n\u00bfD\u00f3nde?: 3\u00b0 Sector de Re\u00f1aca<br \/>\n<em>Este evento contar\u00e1 con int\u00e9rprete de Lengua de Se\u00f1as**<\/em><\/p>\n<p><strong>Concierto de San Valent\u00edn Banda Armada de Chile<\/strong><br \/>\n\u00bfCu\u00e1ndo?: Mi\u00e9rcoles 14 de febrero &#8211; 18:00 hrs.<br \/>\n\u00bfD\u00f3nde?: Anfiteatro Playa del Deporte<\/p>\n<p><strong>Concurso &#8220;Castillos de la Playa&#8221;<\/strong><br \/>\n\u00bfCu\u00e1ndo?: S\u00e1bado 24 de febrero &#8211; 09:30 hrs.<br \/>\n\u00bfD\u00f3nde?: 4\u00b0 Sector de Re\u00f1aca<\/p>\n<p>&nbsp;<\/p>\n<p><strong>\u00a1La cultura cobra vida en cada rinc\u00f3n de nuestra hermosa ciudad!<\/strong><\/p>\n<p>&nbsp;<\/p>","protected":false},"excerpt":{"rendered":"<p>\u00a1Invitamos a la comunidad y visitantes a disfrutar con alegr\u00eda este verano 2024! Conoce el entretenido programa con diversas expresiones art\u00edsticas a realizarse en distintos puntos del borde costero de nuestra ciudad durante esta temporada estival. &nbsp; &#8220;The Beatles Five&#8221;, 55 a\u00f1os de Los Beatles \u00bfCu\u00e1ndo?: Martes 30 de enero &#8211; 12:00 hrs. \u00bfD\u00f3nde?: 5\u00b0 [&hellip;]<\/p>\n","protected":false},"author":13,"featured_media":16524,"comment_status":"closed","ping_status":"closed","sticky":false,"template":"","format":"standard","meta":{"_acf_changed":false,"footnotes":""},"categories":[71,70],"tags":[],"class_list":["post-16523","post","type-post","status-publish","format-standard","has-post-thumbnail","hentry","category-portada","category-noticias"],"acf":[],"_links":{"self":[{"href":"https:\/\/visitavina.munivina.cl\/en\/wp-json\/wp\/v2\/posts\/16523","targetHints":{"allow":["GET"]}}],"collection":[{"href":"https:\/\/visitavina.munivina.cl\/en\/wp-json\/wp\/v2\/posts"}],"about":[{"href":"https:\/\/visitavina.munivina.cl\/en\/wp-json\/wp\/v2\/types\/post"}],"author":[{"embeddable":true,"href":"https:\/\/visitavina.munivina.cl\/en\/wp-json\/wp\/v2\/users\/13"}],"replies":[{"embeddable":true,"href":"https:\/\/visitavina.munivina.cl\/en\/wp-json\/wp\/v2\/comments?post=16523"}],"version-history":[{"count":0,"href":"https:\/\/visitavina.munivina.cl\/en\/wp-json\/wp\/v2\/posts\/16523\/revisions"}],"wp:featuredmedia":[{"embeddable":true,"href":"https:\/\/visitavina.munivina.cl\/en\/wp-json\/wp\/v2\/media\/16524"}],"wp:attachment":[{"href":"https:\/\/visitavina.munivina.cl\/en\/wp-json\/wp\/v2\/media?parent=16523"}],"wp:term":[{"taxonomy":"category","embeddable":true,"href":"https:\/\/visitavina.munivina.cl\/en\/wp-json\/wp\/v2\/categories?post=16523"},{"taxonomy":"post_tag","embeddable":true,"href":"https:\/\/visitavina.munivina.cl\/en\/wp-json\/wp\/v2\/tags?post=16523"}],"curies":[{"name":"wp","href":"https:\/\/api.w.org\/{rel}","templated":true}]}}