{"id":19782,"date":"2024-12-26T14:04:44","date_gmt":"2024-12-26T17:04:44","guid":{"rendered":"https:\/\/visitavina.munivina.cl\/?p=19782"},"modified":"2024-12-26T14:04:50","modified_gmt":"2024-12-26T17:04:50","slug":"vina-del-mar-recibe-el-2025-con-un-espectaculo-pirotecnico-unico","status":"publish","type":"post","link":"https:\/\/visitavina.munivina.cl\/en\/vina-del-mar-recibe-el-2025-con-un-espectaculo-pirotecnico-unico\/","title":{"rendered":"Vi\u00f1a del Mar welcomes 2025 with a unique fireworks show!"},"content":{"rendered":"<p>The city is ready to celebrate the New Year at Sea with a show that combines tradition and innovation. There will be more than 18 minutes of light effects that will illuminate the coast of Vina del Mar from the six traditional launching points: Recreo, Caleta Abarca, Av. Per\u00fa, Muelle Vergara, Playa Los Marineros and Re\u00f1aca.<\/p>\n\n\n\n<p>This show prioritizes brightness over noise, respecting neurodivergent people and animals, in an event designed for the enjoyment of all.<\/p>\n\n\n\n<p>We look forward to seeing you in Vi\u00f1a del Mar to start 2025 with an unforgettable memory!<\/p>\n\n\n\n<p>Check out more information in our <a href=\"https:\/\/www.instagram.com\/visitavina\/?hl=es\" data-type=\"link\" data-id=\"https:\/\/www.instagram.com\/visitavina\/?hl=es\" rel=\"nofollow noopener\" target=\"_blank\">Instagram<\/a><\/p>","protected":false},"excerpt":{"rendered":"<p>La ciudad ya est\u00e1 lista para celebrar el A\u00f1o Nuevo en el Mar con un show que combina tradici\u00f3n e innovaci\u00f3n. Ser\u00e1n m\u00e1s de 18 minutos de efectos lum\u00ednicos que iluminar\u00e1n la costa vi\u00f1amarina desde los seis puntos tradicionales de lanzamiento: Recreo, Caleta Abarca, Av. Per\u00fa, Muelle Vergara, Playa Los Marineros y Re\u00f1aca. Este espect\u00e1culo [&hellip;]<\/p>\n","protected":false},"author":13,"featured_media":19783,"comment_status":"closed","ping_status":"closed","sticky":false,"template":"","format":"standard","meta":{"_acf_changed":false,"footnotes":""},"categories":[71,70],"tags":[],"class_list":["post-19782","post","type-post","status-publish","format-standard","has-post-thumbnail","hentry","category-portada","category-noticias"],"acf":[],"_links":{"self":[{"href":"https:\/\/visitavina.munivina.cl\/en\/wp-json\/wp\/v2\/posts\/19782","targetHints":{"allow":["GET"]}}],"collection":[{"href":"https:\/\/visitavina.munivina.cl\/en\/wp-json\/wp\/v2\/posts"}],"about":[{"href":"https:\/\/visitavina.munivina.cl\/en\/wp-json\/wp\/v2\/types\/post"}],"author":[{"embeddable":true,"href":"https:\/\/visitavina.munivina.cl\/en\/wp-json\/wp\/v2\/users\/13"}],"replies":[{"embeddable":true,"href":"https:\/\/visitavina.munivina.cl\/en\/wp-json\/wp\/v2\/comments?post=19782"}],"version-history":[{"count":1,"href":"https:\/\/visitavina.munivina.cl\/en\/wp-json\/wp\/v2\/posts\/19782\/revisions"}],"predecessor-version":[{"id":19784,"href":"https:\/\/visitavina.munivina.cl\/en\/wp-json\/wp\/v2\/posts\/19782\/revisions\/19784"}],"wp:featuredmedia":[{"embeddable":true,"href":"https:\/\/visitavina.munivina.cl\/en\/wp-json\/wp\/v2\/media\/19783"}],"wp:attachment":[{"href":"https:\/\/visitavina.munivina.cl\/en\/wp-json\/wp\/v2\/media?parent=19782"}],"wp:term":[{"taxonomy":"category","embeddable":true,"href":"https:\/\/visitavina.munivina.cl\/en\/wp-json\/wp\/v2\/categories?post=19782"},{"taxonomy":"post_tag","embeddable":true,"href":"https:\/\/visitavina.munivina.cl\/en\/wp-json\/wp\/v2\/tags?post=19782"}],"curies":[{"name":"wp","href":"https:\/\/api.w.org\/{rel}","templated":true}]}}