{"id":21028,"date":"2025-04-07T10:17:09","date_gmt":"2025-04-07T14:17:09","guid":{"rendered":"https:\/\/visitavina.munivina.cl\/?p=21028"},"modified":"2025-05-05T10:21:23","modified_gmt":"2025-05-05T14:21:23","slug":"abril-cultural-en-vina-del-mar-vive-la-ciudad-durante-todo-el-mes","status":"publish","type":"post","link":"https:\/\/visitavina.munivina.cl\/en\/abril-cultural-en-vina-del-mar-vive-la-ciudad-durante-todo-el-mes\/","title":{"rendered":"Cultural April in Vi\u00f1a del Mar: Experience the city during the whole Month"},"content":{"rendered":"<p>The Municipality of Vi\u00f1a del Mar invites you to continue living culture and art this April, with a program full of activities that celebrate creativity, history and community.<\/p>\n\n\n\n<p>The arrival of autumn transforms the city into a perfect setting to enjoy concerts, exhibitions, workshops, film series and much more, in emblematic spaces such as the Palacio Rioja Museum, the Municipal Theater and the Palacio Vergara Museum. In addition, outdoor activities and family outings are added so that no one is left out.<\/p>\n\n\n\n<p>April is the ideal time to reconnect with the cultural richness of Vi\u00f1a del Mar, with pleasant temperatures and an inspiring atmosphere. Whether it's a guided tour, a play or an artistic workshop, you'll always find something new to discover.<\/p>\n\n\n\n<p><a href=\"https:\/\/visitavina.munivina.cl\/wp-content\/uploads\/2025\/04\/04.abril_.Cartelera-Culturas.pdf\"><strong>Check out our billboard HERE<\/strong>, <\/a>Organize your panoramas and make April a month full of meaningful experiences.<\/p>\n\n\n\n<p>In Vi\u00f1a del Mar, culture does not stop!<br>April awaits you with open arms!<\/p>","protected":false},"excerpt":{"rendered":"<p>El Municipio de Cuidados de Vi\u00f1a del Mar te invita a seguir viviendo la cultura y el arte en este mes de abril, con una programaci\u00f3n llena de actividades que celebran la creatividad, la historia y la comunidad. La llegada del oto\u00f1o transforma la ciudad en un escenario perfecto para disfrutar de conciertos, exposiciones, talleres, [&hellip;]<\/p>\n","protected":false},"author":13,"featured_media":21029,"comment_status":"closed","ping_status":"closed","sticky":false,"template":"","format":"standard","meta":{"_acf_changed":false,"footnotes":""},"categories":[70],"tags":[],"class_list":["post-21028","post","type-post","status-publish","format-standard","has-post-thumbnail","hentry","category-noticias"],"acf":[],"_links":{"self":[{"href":"https:\/\/visitavina.munivina.cl\/en\/wp-json\/wp\/v2\/posts\/21028","targetHints":{"allow":["GET"]}}],"collection":[{"href":"https:\/\/visitavina.munivina.cl\/en\/wp-json\/wp\/v2\/posts"}],"about":[{"href":"https:\/\/visitavina.munivina.cl\/en\/wp-json\/wp\/v2\/types\/post"}],"author":[{"embeddable":true,"href":"https:\/\/visitavina.munivina.cl\/en\/wp-json\/wp\/v2\/users\/13"}],"replies":[{"embeddable":true,"href":"https:\/\/visitavina.munivina.cl\/en\/wp-json\/wp\/v2\/comments?post=21028"}],"version-history":[{"count":1,"href":"https:\/\/visitavina.munivina.cl\/en\/wp-json\/wp\/v2\/posts\/21028\/revisions"}],"predecessor-version":[{"id":21030,"href":"https:\/\/visitavina.munivina.cl\/en\/wp-json\/wp\/v2\/posts\/21028\/revisions\/21030"}],"wp:featuredmedia":[{"embeddable":true,"href":"https:\/\/visitavina.munivina.cl\/en\/wp-json\/wp\/v2\/media\/21029"}],"wp:attachment":[{"href":"https:\/\/visitavina.munivina.cl\/en\/wp-json\/wp\/v2\/media?parent=21028"}],"wp:term":[{"taxonomy":"category","embeddable":true,"href":"https:\/\/visitavina.munivina.cl\/en\/wp-json\/wp\/v2\/categories?post=21028"},{"taxonomy":"post_tag","embeddable":true,"href":"https:\/\/visitavina.munivina.cl\/en\/wp-json\/wp\/v2\/tags?post=21028"}],"curies":[{"name":"wp","href":"https:\/\/api.w.org\/{rel}","templated":true}]}}