{"id":21598,"date":"2025-06-19T09:20:26","date_gmt":"2025-06-19T13:20:26","guid":{"rendered":"https:\/\/visitavina.munivina.cl\/?p=21598"},"modified":"2025-08-06T13:09:21","modified_gmt":"2025-08-06T17:09:21","slug":"vacaciones-de-invierno-2025-en-vina-del-mar-mas-de-20-actividades-gratuitas-para-disfrutar-en-familia","status":"publish","type":"post","link":"https:\/\/visitavina.munivina.cl\/en\/vacaciones-de-invierno-2025-en-vina-del-mar-mas-de-20-actividades-gratuitas-para-disfrutar-en-familia\/","title":{"rendered":"Vacaciones de Invierno 2025 en Vi\u00f1a del Mar: m\u00e1s de 20 actividades gratuitas para disfrutar en familia"},"content":{"rendered":"<p><strong>Desde el 23 de junio al 7 de julio<\/strong>, Vi\u00f1a del Mar se llena de cultura, arte y diversi\u00f3n con una cartelera de panoramas gratuitos para todas las edades. \u00a1Prep\u00e1rate para unas vacaciones inolvidables!<\/p>\n\n\n\n<p>Pel\u00edculas cl\u00e1sicas, talleres creativos, espect\u00e1culos de danza, m\u00fasica en vivo y funciones teatrales llegan a distintos espacios emblem\u00e1ticos de Vi\u00f1a del Mar como parte del <strong><a href=\"https:\/\/visitavina.munivina.cl\/wp-content\/uploads\/2025\/06\/06.junio-ProgramaVacacionesInvierno2025-3.pdf\">Programa Vacaciones de Invierno 2025<\/a><\/strong>. La invitaci\u00f3n es a disfrutar de una agenda cultural pensada especialmente para familias, ni\u00f1as, ni\u00f1os y j\u00f3venes, con actividades, la gran mayor\u00eda, <strong>totalmente gratuitas<\/strong>.<\/p>\n\n\n\n<p><strong>Rioja Palace Museum<\/strong>, <strong>Palace Museum Vergara<\/strong>, <strong>Municipal Theater<\/strong>, <strong>Biblioteca Municipal<\/strong>, y distintos espacios comunitarios ser\u00e1n sede de una variada oferta que incluye cine infantil, cuentacuentos, talleres de bordado, reciclaje art\u00edstico, arteterapia y espect\u00e1culos de primer nivel.<\/p>\n\n\n\n<hr class=\"wp-block-separator has-alpha-channel-opacity\"\/>\n\n\n\n<h3 class=\"wp-block-heading\">Lo imperdible de estas vacaciones:<\/h3>\n\n\n\n<ul class=\"wp-block-list\">\n<li><strong>Cine cl\u00e1sico y familiar<\/strong>: <em>E.T., El Extraterrestre<\/em>, <em>El Pibe<\/em> de Chaplin y <em>Hotel Transylvania<\/em> se proyectar\u00e1n en la Sala Aldo Francia del Museo Palacio Rioja.<\/li>\n\n\n\n<li><strong>Teatro y danza<\/strong> en el Teatro Municipal: \u201cMolly Bloom\u201d con Gabriela Hern\u00e1ndez, Bafochi Sinf\u00f3nico y Zimmer Sinf\u00f3nico con The Geek Orchestra.<\/li>\n\n\n\n<li><strong>Talleres creativos para infancias<\/strong>: arte, manualidades, bordado, dorado y patrimonio gr\u00e1fico en espacios culturales.<\/li>\n\n\n\n<li><strong>Jornadas l\u00fadicas<\/strong> en Museos: actividades abiertas en el Palacio Vergara, sin inscripci\u00f3n previa.<\/li>\n\n\n\n<li><strong>Conciertos gratuitos<\/strong>: Orquesta Sinf\u00f3nica Nacional de Chile, Puerto Orquesta Big Band y m\u00e1s.<\/li>\n<\/ul>\n\n\n\n<p>Consulta el programa completo con fechas, lugares y requisitos de inscripci\u00f3n en <a href=\"https:\/\/visitavina.munivina.cl\/wp-content\/uploads\/2025\/06\/06.junio-ProgramaVacacionesInvierno2025-3.pdf\">nuestro <strong>Programa Vacaciones de Invierno 2025.<\/strong><\/a><br>Tambi\u00e9n puedes seguir los detalles y actualizaciones en nuestras redes sociales: <a class=\"\" href=\"https:\/\/www.instagram.com\/visitavina\" rel=\"nofollow noopener\" target=\"_blank\">@visitavina<\/a>, <a class=\"\" href=\"https:\/\/www.instagram.com\/teatro.munivina\" rel=\"nofollow noopener\" target=\"_blank\">@teatro.munivina<\/a>, <a class=\"\" href=\"https:\/\/www.instagram.com\/museopalaciorioja\" rel=\"nofollow noopener\" target=\"_blank\">@museopalaciorioja<\/a> y  <a class=\"\" href=\"https:\/\/www.instagram.com\/museopalaciovergara\" rel=\"nofollow noopener\" target=\"_blank\">@museopalaciovergara<\/a><\/p>","protected":false},"excerpt":{"rendered":"<p>Desde el 23 de junio al 7 de julio, Vi\u00f1a del Mar se llena de cultura, arte y diversi\u00f3n con una cartelera de panoramas gratuitos para todas las edades. \u00a1Prep\u00e1rate para unas vacaciones inolvidables! Pel\u00edculas cl\u00e1sicas, talleres creativos, espect\u00e1culos de danza, m\u00fasica en vivo y funciones teatrales llegan a distintos espacios emblem\u00e1ticos de Vi\u00f1a del [&hellip;]<\/p>\n","protected":false},"author":13,"featured_media":21597,"comment_status":"closed","ping_status":"closed","sticky":false,"template":"","format":"standard","meta":{"_acf_changed":false,"footnotes":""},"categories":[70],"tags":[],"class_list":["post-21598","post","type-post","status-publish","format-standard","has-post-thumbnail","hentry","category-noticias"],"acf":[],"_links":{"self":[{"href":"https:\/\/visitavina.munivina.cl\/en\/wp-json\/wp\/v2\/posts\/21598","targetHints":{"allow":["GET"]}}],"collection":[{"href":"https:\/\/visitavina.munivina.cl\/en\/wp-json\/wp\/v2\/posts"}],"about":[{"href":"https:\/\/visitavina.munivina.cl\/en\/wp-json\/wp\/v2\/types\/post"}],"author":[{"embeddable":true,"href":"https:\/\/visitavina.munivina.cl\/en\/wp-json\/wp\/v2\/users\/13"}],"replies":[{"embeddable":true,"href":"https:\/\/visitavina.munivina.cl\/en\/wp-json\/wp\/v2\/comments?post=21598"}],"version-history":[{"count":5,"href":"https:\/\/visitavina.munivina.cl\/en\/wp-json\/wp\/v2\/posts\/21598\/revisions"}],"predecessor-version":[{"id":21985,"href":"https:\/\/visitavina.munivina.cl\/en\/wp-json\/wp\/v2\/posts\/21598\/revisions\/21985"}],"wp:featuredmedia":[{"embeddable":true,"href":"https:\/\/visitavina.munivina.cl\/en\/wp-json\/wp\/v2\/media\/21597"}],"wp:attachment":[{"href":"https:\/\/visitavina.munivina.cl\/en\/wp-json\/wp\/v2\/media?parent=21598"}],"wp:term":[{"taxonomy":"category","embeddable":true,"href":"https:\/\/visitavina.munivina.cl\/en\/wp-json\/wp\/v2\/categories?post=21598"},{"taxonomy":"post_tag","embeddable":true,"href":"https:\/\/visitavina.munivina.cl\/en\/wp-json\/wp\/v2\/tags?post=21598"}],"curies":[{"name":"wp","href":"https:\/\/api.w.org\/{rel}","templated":true}]}}