{"id":23057,"date":"2026-01-28T15:49:01","date_gmt":"2026-01-28T18:49:01","guid":{"rendered":"https:\/\/visitavina.munivina.cl\/?p=23057"},"modified":"2026-01-28T15:49:07","modified_gmt":"2026-01-28T18:49:07","slug":"dia-de-los-patrimonios-en-verano-2026-una-invitacion-a-vivir-la-cultura-en-vina-del-mar","status":"publish","type":"post","link":"https:\/\/visitavina.munivina.cl\/en\/dia-de-los-patrimonios-en-verano-2026-una-invitacion-a-vivir-la-cultura-en-vina-del-mar\/","title":{"rendered":"D\u00eda de los Patrimonios en Verano 2026: una invitaci\u00f3n a vivir la cultura en Vi\u00f1a del Mar"},"content":{"rendered":"<p>Por primera vez se realizar\u00e1 el D\u00eda de los Patrimonios en Verano, y qu\u00e9 mejor que vivirlo en Vi\u00f1a del Mar. Este hito nacional propone una nueva forma de acercarse a la identidad de las ciudades en plena temporada estival, invitando a vecinos, vecinas y turistas a conocer la historia y la cultura en una perspectiva distinta a la habitual.<\/p>\n\n\n\n<p>El pr\u00f3ximo s\u00e1bado 31 de enero, Vi\u00f1a del Mar ser\u00e1 parte de esta celebraci\u00f3n in\u00e9dita, con una programaci\u00f3n de actividades gratuitas en distintos espacios emblem\u00e1ticos de la ciudad. La iniciativa busca que personas de todas las edades puedan recorrer, aprender y participar, conectando con el patrimonio desde una mirada cercana y familiar.<\/p>\n\n\n\n<p>El Museo Palacio Rioja ser\u00e1 uno de los principales puntos de encuentro, con visitas libres durante todo el d\u00eda y una programaci\u00f3n especial que incluye la presentaci\u00f3n de un libro, actividades educativas pensadas para toda la familia y una presentaci\u00f3n de ballet, todo en un entorno patrimonial \u00fanico.<\/p>\n\n\n\n<p>El Museo Palacio Vergara se suma a esta jornada con una actividad art\u00edstica dirigida a personas de todas las edades, donde quienes disfrutan del arte y la creatividad podr\u00e1n pintar y crear inspirados en los colores del verano. Por su parte, el Hotel O\u00b4Higgins ofrecer\u00e1 una exposici\u00f3n con enfoque patrimonial sobre el Festival de la Canci\u00f3n de Vi\u00f1a del Mar, reuniendo fotograf\u00edas, videos y objetos que forman parte de la memoria de la ciudad y de todo el pa\u00eds.<\/p>\n\n\n\n<p>La Corporaci\u00f3n Cultural de Vi\u00f1a del Mar ofrecer\u00e1 exposiciones y m\u00fasica en vivo, mientras que el Museo Fonck abrir\u00e1 sus espacios con recorridos libres, permitiendo conocer de cerca colecciones vinculadas a la historia nacional. A su vez, el Museo Artequin invita a recorrer sus espacios libremente y a participar en recorridos guiados&nbsp; pensados especialmente para un p\u00fablico familiar.<\/p>\n\n\n\n<p>Uno de los panoramas m\u00e1s esperados es el recorrido patrimonial en el Bus El\u00e9ctrico Visita Vi\u00f1a, una actividad especialmente dise\u00f1ada para ni\u00f1os y ni\u00f1as, que busca acercarlos al patrimonio de la ciudad combinando historia, arquitectura y naturaleza a trav\u00e9s de un lenguaje din\u00e1mico y adaptado.<\/p>\n\n\n\n<p>El D\u00eda de los Patrimonios en Verano es una oportunidad \u00fanica para vivir Vi\u00f1a del Mar desde otra perspectiva, recorriendo sus espacios y conociendo m\u00e1s sobre su historia. Una invitaci\u00f3n a disfrutar del patrimonio de manera abierta, gratuita y en pleno verano, ideal para compartir en familia.<\/p>","protected":false},"excerpt":{"rendered":"<p>Por primera vez se realizar\u00e1 el D\u00eda de los Patrimonios en Verano, y qu\u00e9 mejor que vivirlo en Vi\u00f1a del Mar. Este hito nacional propone una nueva forma de acercarse a la identidad de las ciudades en plena temporada estival, invitando a vecinos, vecinas y turistas a conocer la historia y la cultura en una [&hellip;]<\/p>\n","protected":false},"author":13,"featured_media":23056,"comment_status":"closed","ping_status":"closed","sticky":false,"template":"","format":"standard","meta":{"_acf_changed":false,"footnotes":""},"categories":[70,71],"tags":[],"class_list":["post-23057","post","type-post","status-publish","format-standard","has-post-thumbnail","hentry","category-noticias","category-portada"],"acf":[],"_links":{"self":[{"href":"https:\/\/visitavina.munivina.cl\/en\/wp-json\/wp\/v2\/posts\/23057","targetHints":{"allow":["GET"]}}],"collection":[{"href":"https:\/\/visitavina.munivina.cl\/en\/wp-json\/wp\/v2\/posts"}],"about":[{"href":"https:\/\/visitavina.munivina.cl\/en\/wp-json\/wp\/v2\/types\/post"}],"author":[{"embeddable":true,"href":"https:\/\/visitavina.munivina.cl\/en\/wp-json\/wp\/v2\/users\/13"}],"replies":[{"embeddable":true,"href":"https:\/\/visitavina.munivina.cl\/en\/wp-json\/wp\/v2\/comments?post=23057"}],"version-history":[{"count":1,"href":"https:\/\/visitavina.munivina.cl\/en\/wp-json\/wp\/v2\/posts\/23057\/revisions"}],"predecessor-version":[{"id":23058,"href":"https:\/\/visitavina.munivina.cl\/en\/wp-json\/wp\/v2\/posts\/23057\/revisions\/23058"}],"wp:featuredmedia":[{"embeddable":true,"href":"https:\/\/visitavina.munivina.cl\/en\/wp-json\/wp\/v2\/media\/23056"}],"wp:attachment":[{"href":"https:\/\/visitavina.munivina.cl\/en\/wp-json\/wp\/v2\/media?parent=23057"}],"wp:term":[{"taxonomy":"category","embeddable":true,"href":"https:\/\/visitavina.munivina.cl\/en\/wp-json\/wp\/v2\/categories?post=23057"},{"taxonomy":"post_tag","embeddable":true,"href":"https:\/\/visitavina.munivina.cl\/en\/wp-json\/wp\/v2\/tags?post=23057"}],"curies":[{"name":"wp","href":"https:\/\/api.w.org\/{rel}","templated":true}]}}